{"id":494,"date":"2023-10-10T17:01:28","date_gmt":"2023-10-10T15:01:28","guid":{"rendered":"https:\/\/abel-formation.com\/www\/?p=494"},"modified":"2024-01-31T17:38:09","modified_gmt":"2024-01-31T16:38:09","slug":"cpf-2022","status":"publish","type":"post","link":"https:\/\/abel-formation.com\/www\/cpf-2022\/","title":{"rendered":"Le CPF en 2022 : Une ann\u00e9e de changements"},"content":{"rendered":"\n<h2 class=\"wp-block-heading gutenify-section-0a5eec30-677d-11ee-aef2-83b5f92b8f58 gtfy-2\">Les Tendances du Compte Personnel de Formation (CPF) en 2022 : Une Ann\u00e9e de Changements<\/h2>\n\n\n\n<p class=\"gutenify-section-2fb666c0-677d-11ee-aef2-83b5f92b8f58 gtfy-5\"><strong>Introduction :<\/strong><\/p>\n\n\n\n<p class=\"gutenify-section-2fb6b4e0-677d-11ee-aef2-83b5f92b8f58 gtfy-8\">En 2022, le Compte Personnel de Formation (CPF) a continu\u00e9 d&rsquo;\u00e9voluer pour r\u00e9pondre aux besoins des travailleurs fran\u00e7ais. Les chiffres r\u00e9cemment publi\u00e9s par la DARES (Direction de l&rsquo;Animation de la Recherche, des \u00c9tudes et des Statistiques) d\u00e9voilent des tendances int\u00e9ressantes. Avec 1 851 200 formations suivies au titre du CPF, l&rsquo;ann\u00e9e 2022 a connu une l\u00e9g\u00e8re baisse par rapport \u00e0 l&rsquo;ann\u00e9e pr\u00e9c\u00e9dente, mais elle a \u00e9galement \u00e9t\u00e9 marqu\u00e9e par des changements significatifs.<\/p>\n\n\n\n<p class=\"gutenify-section-2fb70300-677d-11ee-aef2-83b5f92b8f58 gtfy-11\"><strong>La S\u00e9curisation des Demandes de Formation :<\/strong><\/p>\n\n\n\n<p class=\"gutenify-section-2fb72a10-677d-11ee-aef2-83b5f92b8f58 gtfy-14\">Une des raisons de cette baisse semble \u00eatre la mise en place du service France Connect+ en octobre. Cette nouvelle mesure vise \u00e0 s\u00e9curiser davantage les demandes de formation au titre du CPF. Elle garantit une utilisation plus transparente et fiable du syst\u00e8me, ce qui peut expliquer en partie la l\u00e9g\u00e8re diminution du nombre de formations.<\/p>\n\n\n\n<p class=\"gutenify-section-2fb7ed60-677d-11ee-aef2-83b5f92b8f58 gtfy-17\"><strong>Diversification des Utilisateurs :<\/strong><\/p>\n\n\n\n<p class=\"gutenify-section-2fb83b80-677d-11ee-aef2-83b5f92b8f58 gtfy-20\">Un autre changement notable est la diversification des utilisateurs du CPF. La part des moins dipl\u00f4m\u00e9s et des ouvriers parmi les utilisateurs du CPF a augment\u00e9 en 2022. Cela indique que le CPF est de plus en plus accessible \u00e0 une vari\u00e9t\u00e9 de travailleurs, offrant des opportunit\u00e9s de formation \u00e0 ceux qui en ont le plus besoin.<\/p>\n\n\n\n<p class=\"gutenify-section-2fb889a0-677d-11ee-aef2-83b5f92b8f58 gtfy-23\"><strong>Le March\u00e9 de l&rsquo;Emploi :<\/strong><\/p>\n\n\n\n<p class=\"gutenify-section-2fb8d7c0-677d-11ee-aef2-83b5f92b8f58 gtfy-26\">Les demandeurs d&#8217;emploi restent particuli\u00e8rement nombreux parmi les utilisateurs du CPF, repr\u00e9sentant 30% du total. Cela souligne l&rsquo;importance de la formation pour les personnes en transition professionnelle, cherchant \u00e0 acqu\u00e9rir de nouvelles comp\u00e9tences pour s&rsquo;adapter \u00e0 un march\u00e9 du travail en constante \u00e9volution.<\/p>\n\n\n\n<p class=\"gutenify-section-2fb925e0-677d-11ee-aef2-83b5f92b8f58 gtfy-29\"><strong>Les Secteurs en Croissance :<\/strong><\/p>\n\n\n\n<p class=\"gutenify-section-2fb97400-677d-11ee-aef2-83b5f92b8f58 gtfy-32\">En 2022, le domaine des transports a continu\u00e9 de dominer les statistiques, repr\u00e9sentant un quart des formations suivies au titre du CPF. Le permis de conduire de cat\u00e9gorie B est toujours un \u00e9l\u00e9ment cl\u00e9 de cette tendance, soulignant l&rsquo;importance de la mobilit\u00e9 dans le march\u00e9 de l&#8217;emploi.<\/p>\n\n\n\n<p class=\"gutenify-section-2fb9c220-677d-11ee-aef2-83b5f92b8f58 gtfy-35\">Les formations \u00e0 la cr\u00e9ation d&rsquo;entreprise et \u00e0 la bureautique ont \u00e9galement enregistr\u00e9 une croissance significative, montrant que de plus en plus de travailleurs cherchent \u00e0 d\u00e9velopper leurs comp\u00e9tences entrepreneuriales et informatiques pour rester comp\u00e9titifs sur le march\u00e9 du travail.<\/p>\n\n\n\n<p class=\"gutenify-section-2fba3750-677d-11ee-aef2-83b5f92b8f58 gtfy-38\"><strong>Changement dans le Domaine Linguistique :<\/strong><\/p>\n\n\n\n<p class=\"gutenify-section-2fba8570-677d-11ee-aef2-83b5f92b8f58 gtfy-41\">Cependant, les formations en langues ont connu une l\u00e9g\u00e8re baisse en 2022. Cela peut refl\u00e9ter une r\u00e9orientation des priorit\u00e9s des travailleurs vers d&rsquo;autres comp\u00e9tences essentielles pour leur carri\u00e8re.<\/p>\n\n\n\n<p class=\"gutenify-section-2fbad390-677d-11ee-aef2-83b5f92b8f58 gtfy-44\"><strong>Formation \u00e0 Distance :<\/strong><\/p>\n\n\n\n<p class=\"gutenify-section-2fbafaa0-677d-11ee-aef2-83b5f92b8f58 gtfy-47\">Depuis l&rsquo;ouverture de \u00ab\u00a0Mon Compte Formation\u00a0\u00bb en novembre 2019, une tendance notable est la pr\u00e9f\u00e9rence pour les formations \u00e0 distance. La flexibilit\u00e9 offerte par ces formations en ligne a permis aux travailleurs d&rsquo;acc\u00e9der \u00e0 l&rsquo;apprentissage sans les contraintes g\u00e9ographiques traditionnelles.<\/p>\n\n\n\n<p class=\"gutenify-section-2fbb48c0-677d-11ee-aef2-83b5f92b8f58 gtfy-50\"><strong>Conclusion :<\/strong><\/p>\n\n\n\n<p class=\"gutenify-section-2fbd1d80-677d-11ee-aef2-83b5f92b8f58 gtfy-53\">L&rsquo;ann\u00e9e 2022 a \u00e9t\u00e9 une ann\u00e9e de changements pour le Compte Personnel de Formation (CPF) en France. Malgr\u00e9 une l\u00e9g\u00e8re baisse du nombre de formations, les \u00e9volutions apport\u00e9es par la mise en place de France Connect+ et la diversification des utilisateurs montrent que le CPF continue d&rsquo;\u00e9voluer pour r\u00e9pondre aux besoins changeants du march\u00e9 du travail. Les travailleurs fran\u00e7ais continuent d&rsquo;investir dans leur d\u00e9veloppement professionnel, en cherchant \u00e0 acqu\u00e9rir de nouvelles comp\u00e9tences pour rester comp\u00e9titifs.<\/p>\n\n\n\n<p class=\"gutenify-section-3aad6880-677d-11ee-aef2-83b5f92b8f58 gtfy-56\">Source : <a href=\"https:\/\/dares.travail-emploi.gouv.fr\/sites\/default\/files\/9a4cdc9941730b5e226ff690e7268e4a\/Dares_DR_Compte_personnel_formation_CPF_2022_.pdf\" target=\"_blank\" rel=\"noreferrer noopener\">DARES septembre 2023 N\u00b053<\/a><\/p>\n","protected":false},"excerpt":{"rendered":"<p>Les Tendances du Compte Personnel de Formation (CPF) en 2022 : Une Ann\u00e9e de Changements [&hellip;]<\/p>\n","protected":false},"author":2,"featured_media":495,"comment_status":"open","ping_status":"open","sticky":false,"template":"","format":"standard","meta":{"_gutenify_countdown_timer_type":"fixed","_gutenify_countdown_timer_evergreen_hours":24,"_gutenify_countdown_timer_evergreen_minutes":0,"_gutenify_countdown_timer_date":"","_gutenify_countdown_timer_timezone":"US\/Eastern","_gutenify_countdown_timer_end_action":"none","_gutenify_countdown_timer_hide_selector":"","_gutenify_countdown_timer_redirect_url":"","footnotes":""},"categories":[21],"tags":[],"class_list":["post-494","post","type-post","status-publish","format-standard","has-post-thumbnail","hentry","category-cpf"],"yoast_head":"<!-- This site is optimized with the Yoast SEO plugin v27.5 - https:\/\/yoast.com\/product\/yoast-seo-wordpress\/ -->\n<title>Le CPF en 2022 : Une ann\u00e9e de changements - Abel Formation<\/title>\n<meta name=\"description\" content=\"D\u00e9couvrez les tendances du Compte Personnel de Formation (CPF) en 2022 : une ann\u00e9e de changements significatifs. Analyse des formations, des utilisa\" \/>\n<meta name=\"robots\" content=\"index, follow, max-snippet:-1, max-image-preview:large, max-video-preview:-1\" \/>\n<link rel=\"canonical\" href=\"https:\/\/abel-formation.com\/www\/cpf-2022\/\" \/>\n<meta property=\"og:locale\" content=\"fr_FR\" \/>\n<meta property=\"og:type\" content=\"article\" \/>\n<meta property=\"og:title\" content=\"Le CPF en 2022 : Une ann\u00e9e de changements - Abel Formation\" \/>\n<meta property=\"og:description\" content=\"D\u00e9couvrez les tendances du Compte Personnel de Formation (CPF) en 2022 : une ann\u00e9e de changements significatifs. Analyse des formations, des utilisa\" \/>\n<meta property=\"og:url\" content=\"https:\/\/abel-formation.com\/www\/cpf-2022\/\" \/>\n<meta property=\"og:site_name\" content=\"Abel Formation\" \/>\n<meta property=\"article:published_time\" content=\"2023-10-10T15:01:28+00:00\" \/>\n<meta property=\"article:modified_time\" content=\"2024-01-31T16:38:09+00:00\" \/>\n<meta property=\"og:image\" content=\"https:\/\/abel-formation.com\/www\/wp-content\/uploads\/2023\/10\/Aprendre-en-ligne.jpg\" \/>\n\t<meta property=\"og:image:width\" content=\"2079\" \/>\n\t<meta property=\"og:image:height\" content=\"1386\" \/>\n\t<meta property=\"og:image:type\" content=\"image\/jpeg\" \/>\n<meta name=\"author\" content=\"Birdy\" \/>\n<meta name=\"twitter:card\" content=\"summary_large_image\" \/>\n<meta name=\"twitter:creator\" content=\"@AbelFormation\" \/>\n<meta name=\"twitter:site\" content=\"@AbelFormation\" \/>\n<meta name=\"twitter:label1\" content=\"\u00c9crit par\" \/>\n\t<meta name=\"twitter:data1\" content=\"Birdy\" \/>\n\t<meta name=\"twitter:label2\" content=\"Dur\u00e9e de lecture estim\u00e9e\" \/>\n\t<meta name=\"twitter:data2\" content=\"3 minutes\" \/>\n<script type=\"application\/ld+json\" class=\"yoast-schema-graph\">{\"@context\":\"https:\\\/\\\/schema.org\",\"@graph\":[{\"@type\":\"Article\",\"@id\":\"https:\\\/\\\/abel-formation.com\\\/www\\\/cpf-2022\\\/#article\",\"isPartOf\":{\"@id\":\"https:\\\/\\\/abel-formation.com\\\/www\\\/cpf-2022\\\/\"},\"author\":{\"name\":\"Birdy\",\"@id\":\"https:\\\/\\\/abel-formation.com\\\/www\\\/#\\\/schema\\\/person\\\/e36990a3420cb412e48cd29a2c6e3026\"},\"headline\":\"Le CPF en 2022 : Une ann\u00e9e de changements\",\"datePublished\":\"2023-10-10T15:01:28+00:00\",\"dateModified\":\"2024-01-31T16:38:09+00:00\",\"mainEntityOfPage\":{\"@id\":\"https:\\\/\\\/abel-formation.com\\\/www\\\/cpf-2022\\\/\"},\"wordCount\":560,\"commentCount\":0,\"publisher\":{\"@id\":\"https:\\\/\\\/abel-formation.com\\\/www\\\/#organization\"},\"image\":{\"@id\":\"https:\\\/\\\/abel-formation.com\\\/www\\\/cpf-2022\\\/#primaryimage\"},\"thumbnailUrl\":\"https:\\\/\\\/abel-formation.com\\\/www\\\/wp-content\\\/uploads\\\/2023\\\/10\\\/Aprendre-en-ligne.jpg\",\"articleSection\":[\"CPF\"],\"inLanguage\":\"fr-FR\",\"potentialAction\":[{\"@type\":\"CommentAction\",\"name\":\"Comment\",\"target\":[\"https:\\\/\\\/abel-formation.com\\\/www\\\/cpf-2022\\\/#respond\"]}]},{\"@type\":\"WebPage\",\"@id\":\"https:\\\/\\\/abel-formation.com\\\/www\\\/cpf-2022\\\/\",\"url\":\"https:\\\/\\\/abel-formation.com\\\/www\\\/cpf-2022\\\/\",\"name\":\"Le CPF en 2022 : Une ann\u00e9e de changements - Abel Formation\",\"isPartOf\":{\"@id\":\"https:\\\/\\\/abel-formation.com\\\/www\\\/#website\"},\"primaryImageOfPage\":{\"@id\":\"https:\\\/\\\/abel-formation.com\\\/www\\\/cpf-2022\\\/#primaryimage\"},\"image\":{\"@id\":\"https:\\\/\\\/abel-formation.com\\\/www\\\/cpf-2022\\\/#primaryimage\"},\"thumbnailUrl\":\"https:\\\/\\\/abel-formation.com\\\/www\\\/wp-content\\\/uploads\\\/2023\\\/10\\\/Aprendre-en-ligne.jpg\",\"datePublished\":\"2023-10-10T15:01:28+00:00\",\"dateModified\":\"2024-01-31T16:38:09+00:00\",\"description\":\"D\u00e9couvrez les tendances du Compte Personnel de Formation (CPF) en 2022 : une ann\u00e9e de changements significatifs. Analyse des formations, des utilisateurs et des \u00e9volutions cl\u00e9s dans cet article informatif.\",\"breadcrumb\":{\"@id\":\"https:\\\/\\\/abel-formation.com\\\/www\\\/cpf-2022\\\/#breadcrumb\"},\"inLanguage\":\"fr-FR\",\"potentialAction\":[{\"@type\":\"ReadAction\",\"target\":[\"https:\\\/\\\/abel-formation.com\\\/www\\\/cpf-2022\\\/\"]}]},{\"@type\":\"ImageObject\",\"inLanguage\":\"fr-FR\",\"@id\":\"https:\\\/\\\/abel-formation.com\\\/www\\\/cpf-2022\\\/#primaryimage\",\"url\":\"https:\\\/\\\/abel-formation.com\\\/www\\\/wp-content\\\/uploads\\\/2023\\\/10\\\/Aprendre-en-ligne.jpg\",\"contentUrl\":\"https:\\\/\\\/abel-formation.com\\\/www\\\/wp-content\\\/uploads\\\/2023\\\/10\\\/Aprendre-en-ligne.jpg\",\"width\":2079,\"height\":1386,\"caption\":\"Abel Formation femme en train d'apprendre anglais en ligne\"},{\"@type\":\"BreadcrumbList\",\"@id\":\"https:\\\/\\\/abel-formation.com\\\/www\\\/cpf-2022\\\/#breadcrumb\",\"itemListElement\":[{\"@type\":\"ListItem\",\"position\":1,\"name\":\"Accueil\",\"item\":\"https:\\\/\\\/abel-formation.com\\\/www\\\/\"},{\"@type\":\"ListItem\",\"position\":2,\"name\":\"Le CPF en 2022 : Une ann\u00e9e de changements\"}]},{\"@type\":\"WebSite\",\"@id\":\"https:\\\/\\\/abel-formation.com\\\/www\\\/#website\",\"url\":\"https:\\\/\\\/abel-formation.com\\\/www\\\/\",\"name\":\"Abel Formation\",\"description\":\"Boostez votre anglais\",\"publisher\":{\"@id\":\"https:\\\/\\\/abel-formation.com\\\/www\\\/#organization\"},\"potentialAction\":[{\"@type\":\"SearchAction\",\"target\":{\"@type\":\"EntryPoint\",\"urlTemplate\":\"https:\\\/\\\/abel-formation.com\\\/www\\\/?s={search_term_string}\"},\"query-input\":{\"@type\":\"PropertyValueSpecification\",\"valueRequired\":true,\"valueName\":\"search_term_string\"}}],\"inLanguage\":\"fr-FR\"},{\"@type\":\"Organization\",\"@id\":\"https:\\\/\\\/abel-formation.com\\\/www\\\/#organization\",\"name\":\"Abel Formation\",\"alternateName\":\"Abel Formation\",\"url\":\"https:\\\/\\\/abel-formation.com\\\/www\\\/\",\"logo\":{\"@type\":\"ImageObject\",\"inLanguage\":\"fr-FR\",\"@id\":\"https:\\\/\\\/abel-formation.com\\\/www\\\/#\\\/schema\\\/logo\\\/image\\\/\",\"url\":\"https:\\\/\\\/abel-formation.com\\\/www\\\/wp-content\\\/uploads\\\/2023\\\/10\\\/PNG-Abel-logo_transparentRED-192-edited.png\",\"contentUrl\":\"https:\\\/\\\/abel-formation.com\\\/www\\\/wp-content\\\/uploads\\\/2023\\\/10\\\/PNG-Abel-logo_transparentRED-192-edited.png\",\"width\":181,\"height\":181,\"caption\":\"Abel Formation\"},\"image\":{\"@id\":\"https:\\\/\\\/abel-formation.com\\\/www\\\/#\\\/schema\\\/logo\\\/image\\\/\"},\"sameAs\":[\"https:\\\/\\\/x.com\\\/AbelFormation\",\"https:\\\/\\\/www.linkedin.com\\\/in\\\/bird-anthony-formations\\\/\"]},{\"@type\":\"Person\",\"@id\":\"https:\\\/\\\/abel-formation.com\\\/www\\\/#\\\/schema\\\/person\\\/e36990a3420cb412e48cd29a2c6e3026\",\"name\":\"Birdy\",\"image\":{\"@type\":\"ImageObject\",\"inLanguage\":\"fr-FR\",\"@id\":\"https:\\\/\\\/secure.gravatar.com\\\/avatar\\\/e46cafa8dacc3e4c4cc7c44e0fd35fb32fb4b8732d92174b1e3d91ff7f2f1d6f?s=96&r=g&d=https:\\\/\\\/abel-formation.com\\\/www\\\/wp-content\\\/plugins\\\/userswp\\\/assets\\\/images\\\/no_profile.png\",\"url\":\"https:\\\/\\\/secure.gravatar.com\\\/avatar\\\/e46cafa8dacc3e4c4cc7c44e0fd35fb32fb4b8732d92174b1e3d91ff7f2f1d6f?s=96&r=g&d=https:\\\/\\\/abel-formation.com\\\/www\\\/wp-content\\\/plugins\\\/userswp\\\/assets\\\/images\\\/no_profile.png\",\"contentUrl\":\"https:\\\/\\\/secure.gravatar.com\\\/avatar\\\/e46cafa8dacc3e4c4cc7c44e0fd35fb32fb4b8732d92174b1e3d91ff7f2f1d6f?s=96&r=g&d=https:\\\/\\\/abel-formation.com\\\/www\\\/wp-content\\\/plugins\\\/userswp\\\/assets\\\/images\\\/no_profile.png\",\"caption\":\"Birdy\"},\"url\":\"https:\\\/\\\/abel-formation.com\\\/www\\\/profile\\\/birdy\\\/\"}]}<\/script>\n<!-- \/ Yoast SEO plugin. -->","yoast_head_json":{"title":"Le CPF en 2022 : Une ann\u00e9e de changements - Abel Formation","description":"D\u00e9couvrez les tendances du Compte Personnel de Formation (CPF) en 2022 : une ann\u00e9e de changements significatifs. Analyse des formations, des utilisa","robots":{"index":"index","follow":"follow","max-snippet":"max-snippet:-1","max-image-preview":"max-image-preview:large","max-video-preview":"max-video-preview:-1"},"canonical":"https:\/\/abel-formation.com\/www\/cpf-2022\/","og_locale":"fr_FR","og_type":"article","og_title":"Le CPF en 2022 : Une ann\u00e9e de changements - Abel Formation","og_description":"D\u00e9couvrez les tendances du Compte Personnel de Formation (CPF) en 2022 : une ann\u00e9e de changements significatifs. Analyse des formations, des utilisa","og_url":"https:\/\/abel-formation.com\/www\/cpf-2022\/","og_site_name":"Abel Formation","article_published_time":"2023-10-10T15:01:28+00:00","article_modified_time":"2024-01-31T16:38:09+00:00","og_image":[{"width":2079,"height":1386,"url":"https:\/\/abel-formation.com\/www\/wp-content\/uploads\/2023\/10\/Aprendre-en-ligne.jpg","type":"image\/jpeg"}],"author":"Birdy","twitter_card":"summary_large_image","twitter_creator":"@AbelFormation","twitter_site":"@AbelFormation","twitter_misc":{"\u00c9crit par":"Birdy","Dur\u00e9e de lecture estim\u00e9e":"3 minutes"},"schema":{"@context":"https:\/\/schema.org","@graph":[{"@type":"Article","@id":"https:\/\/abel-formation.com\/www\/cpf-2022\/#article","isPartOf":{"@id":"https:\/\/abel-formation.com\/www\/cpf-2022\/"},"author":{"name":"Birdy","@id":"https:\/\/abel-formation.com\/www\/#\/schema\/person\/e36990a3420cb412e48cd29a2c6e3026"},"headline":"Le CPF en 2022 : Une ann\u00e9e de changements","datePublished":"2023-10-10T15:01:28+00:00","dateModified":"2024-01-31T16:38:09+00:00","mainEntityOfPage":{"@id":"https:\/\/abel-formation.com\/www\/cpf-2022\/"},"wordCount":560,"commentCount":0,"publisher":{"@id":"https:\/\/abel-formation.com\/www\/#organization"},"image":{"@id":"https:\/\/abel-formation.com\/www\/cpf-2022\/#primaryimage"},"thumbnailUrl":"https:\/\/abel-formation.com\/www\/wp-content\/uploads\/2023\/10\/Aprendre-en-ligne.jpg","articleSection":["CPF"],"inLanguage":"fr-FR","potentialAction":[{"@type":"CommentAction","name":"Comment","target":["https:\/\/abel-formation.com\/www\/cpf-2022\/#respond"]}]},{"@type":"WebPage","@id":"https:\/\/abel-formation.com\/www\/cpf-2022\/","url":"https:\/\/abel-formation.com\/www\/cpf-2022\/","name":"Le CPF en 2022 : Une ann\u00e9e de changements - Abel Formation","isPartOf":{"@id":"https:\/\/abel-formation.com\/www\/#website"},"primaryImageOfPage":{"@id":"https:\/\/abel-formation.com\/www\/cpf-2022\/#primaryimage"},"image":{"@id":"https:\/\/abel-formation.com\/www\/cpf-2022\/#primaryimage"},"thumbnailUrl":"https:\/\/abel-formation.com\/www\/wp-content\/uploads\/2023\/10\/Aprendre-en-ligne.jpg","datePublished":"2023-10-10T15:01:28+00:00","dateModified":"2024-01-31T16:38:09+00:00","description":"D\u00e9couvrez les tendances du Compte Personnel de Formation (CPF) en 2022 : une ann\u00e9e de changements significatifs. Analyse des formations, des utilisateurs et des \u00e9volutions cl\u00e9s dans cet article informatif.","breadcrumb":{"@id":"https:\/\/abel-formation.com\/www\/cpf-2022\/#breadcrumb"},"inLanguage":"fr-FR","potentialAction":[{"@type":"ReadAction","target":["https:\/\/abel-formation.com\/www\/cpf-2022\/"]}]},{"@type":"ImageObject","inLanguage":"fr-FR","@id":"https:\/\/abel-formation.com\/www\/cpf-2022\/#primaryimage","url":"https:\/\/abel-formation.com\/www\/wp-content\/uploads\/2023\/10\/Aprendre-en-ligne.jpg","contentUrl":"https:\/\/abel-formation.com\/www\/wp-content\/uploads\/2023\/10\/Aprendre-en-ligne.jpg","width":2079,"height":1386,"caption":"Abel Formation femme en train d'apprendre anglais en ligne"},{"@type":"BreadcrumbList","@id":"https:\/\/abel-formation.com\/www\/cpf-2022\/#breadcrumb","itemListElement":[{"@type":"ListItem","position":1,"name":"Accueil","item":"https:\/\/abel-formation.com\/www\/"},{"@type":"ListItem","position":2,"name":"Le CPF en 2022 : Une ann\u00e9e de changements"}]},{"@type":"WebSite","@id":"https:\/\/abel-formation.com\/www\/#website","url":"https:\/\/abel-formation.com\/www\/","name":"Abel Formation","description":"Boostez votre anglais","publisher":{"@id":"https:\/\/abel-formation.com\/www\/#organization"},"potentialAction":[{"@type":"SearchAction","target":{"@type":"EntryPoint","urlTemplate":"https:\/\/abel-formation.com\/www\/?s={search_term_string}"},"query-input":{"@type":"PropertyValueSpecification","valueRequired":true,"valueName":"search_term_string"}}],"inLanguage":"fr-FR"},{"@type":"Organization","@id":"https:\/\/abel-formation.com\/www\/#organization","name":"Abel Formation","alternateName":"Abel Formation","url":"https:\/\/abel-formation.com\/www\/","logo":{"@type":"ImageObject","inLanguage":"fr-FR","@id":"https:\/\/abel-formation.com\/www\/#\/schema\/logo\/image\/","url":"https:\/\/abel-formation.com\/www\/wp-content\/uploads\/2023\/10\/PNG-Abel-logo_transparentRED-192-edited.png","contentUrl":"https:\/\/abel-formation.com\/www\/wp-content\/uploads\/2023\/10\/PNG-Abel-logo_transparentRED-192-edited.png","width":181,"height":181,"caption":"Abel Formation"},"image":{"@id":"https:\/\/abel-formation.com\/www\/#\/schema\/logo\/image\/"},"sameAs":["https:\/\/x.com\/AbelFormation","https:\/\/www.linkedin.com\/in\/bird-anthony-formations\/"]},{"@type":"Person","@id":"https:\/\/abel-formation.com\/www\/#\/schema\/person\/e36990a3420cb412e48cd29a2c6e3026","name":"Birdy","image":{"@type":"ImageObject","inLanguage":"fr-FR","@id":"https:\/\/secure.gravatar.com\/avatar\/e46cafa8dacc3e4c4cc7c44e0fd35fb32fb4b8732d92174b1e3d91ff7f2f1d6f?s=96&r=g&d=https:\/\/abel-formation.com\/www\/wp-content\/plugins\/userswp\/assets\/images\/no_profile.png","url":"https:\/\/secure.gravatar.com\/avatar\/e46cafa8dacc3e4c4cc7c44e0fd35fb32fb4b8732d92174b1e3d91ff7f2f1d6f?s=96&r=g&d=https:\/\/abel-formation.com\/www\/wp-content\/plugins\/userswp\/assets\/images\/no_profile.png","contentUrl":"https:\/\/secure.gravatar.com\/avatar\/e46cafa8dacc3e4c4cc7c44e0fd35fb32fb4b8732d92174b1e3d91ff7f2f1d6f?s=96&r=g&d=https:\/\/abel-formation.com\/www\/wp-content\/plugins\/userswp\/assets\/images\/no_profile.png","caption":"Birdy"},"url":"https:\/\/abel-formation.com\/www\/profile\/birdy\/"}]}},"_links":{"self":[{"href":"https:\/\/abel-formation.com\/www\/wp-json\/wp\/v2\/posts\/494","targetHints":{"allow":["GET"]}}],"collection":[{"href":"https:\/\/abel-formation.com\/www\/wp-json\/wp\/v2\/posts"}],"about":[{"href":"https:\/\/abel-formation.com\/www\/wp-json\/wp\/v2\/types\/post"}],"author":[{"embeddable":true,"href":"https:\/\/abel-formation.com\/www\/wp-json\/wp\/v2\/users\/2"}],"replies":[{"embeddable":true,"href":"https:\/\/abel-formation.com\/www\/wp-json\/wp\/v2\/comments?post=494"}],"version-history":[{"count":3,"href":"https:\/\/abel-formation.com\/www\/wp-json\/wp\/v2\/posts\/494\/revisions"}],"predecessor-version":[{"id":883,"href":"https:\/\/abel-formation.com\/www\/wp-json\/wp\/v2\/posts\/494\/revisions\/883"}],"wp:featuredmedia":[{"embeddable":true,"href":"https:\/\/abel-formation.com\/www\/wp-json\/wp\/v2\/media\/495"}],"wp:attachment":[{"href":"https:\/\/abel-formation.com\/www\/wp-json\/wp\/v2\/media?parent=494"}],"wp:term":[{"taxonomy":"category","embeddable":true,"href":"https:\/\/abel-formation.com\/www\/wp-json\/wp\/v2\/categories?post=494"},{"taxonomy":"post_tag","embeddable":true,"href":"https:\/\/abel-formation.com\/www\/wp-json\/wp\/v2\/tags?post=494"}],"curies":[{"name":"wp","href":"https:\/\/api.w.org\/{rel}","templated":true}]}}